{"id":2864,"date":"2009-08-01T09:50:45","date_gmt":"2009-08-01T07:50:45","guid":{"rendered":"https:\/\/www.alting.com\/alting-arrenda-una-oficina-a-la-fundacio-josep-carreras\/"},"modified":"2026-01-28T15:11:53","modified_gmt":"2026-01-28T14:11:53","slug":"alting-arrenda-una-oficina-a-la-fundacio-josep-carreras","status":"publish","type":"post","link":"https:\/\/www.alting.com\/ca\/alting-arrenda-una-oficina-a-la-fundacio-josep-carreras\/","title":{"rendered":"Alting arrenda una oficina a la Fundaci\u00f3 Josep Carreras per a la ubicaci\u00f3 de la seva seu central a Barcelona"},"content":{"rendered":"<p>Barcelona, 1 d&#8217;agos <span style=\"font-size: revert; color: initial;\">del 2009.- El <\/span><a style=\"font-size: revert;\" href=\"https:\/\/www.alting.com\/ca\/consultoria\/\">departament d&#8217;Empreses de l&#8217;\u00e0rea de Consultoria del <\/a><strong style=\"font-size: revert; color: initial;\"><a href=\"https:\/\/www.alting.com\/ca\/consultoria\/\">Alting Grup Immobiliari<\/a> lloga una oficina a la Fundaci\u00f3 Internacional Josep Carreras contra la Leuc\u00e8mia<\/strong><span style=\"font-size: revert; color: initial;\">. L&#8217;immoble, situat en una finca r\u00e8gia en el n\u00famero 375 del <\/span><strong style=\"font-size: revert; color: initial;\">carrer Muntaner<\/strong><span style=\"font-size: revert; color: initial;\">, consta de 230m\u00b2 i albergar\u00e0 les <\/span><strong style=\"font-size: revert; color: initial;\">oficines centrals<\/strong><span style=\"font-size: revert; color: initial;\"> de la fundaci\u00f3 a Barcelona.<\/span><\/p>\n<p>La Fundaci\u00f3 Josep Carreras <strong>d\u00f3na suport als malalts de leuc\u00e8mia<\/strong> invertint en recerca cient\u00edfica i estant al seu costat en el proc\u00e9s de cerca de donant i al llarg de tota la malaltia.<\/p>\n<p>Per a m\u00e9s informaci\u00f3, contactar amb<\/p>\n","protected":false},"excerpt":{"rendered":"<p>Barcelona, 1 d&#8217;agos del 2009.- El departament d&#8217;Empreses de l&#8217;\u00e0rea de Consultoria del Alting Grup Immobiliari lloga una oficina a [&hellip;]<\/p>\n","protected":false},"author":1,"featured_media":1550,"comment_status":"closed","ping_status":"closed","sticky":false,"template":"","format":"standard","meta":{"_acf_changed":false,"inline_featured_image":false,"footnotes":""},"categories":[300],"tags":[368],"class_list":["post-2864","post","type-post","status-publish","format-standard","has-post-thumbnail","hentry","category-noticies-corporatives-ca","tag-oficines-ca"],"acf":[],"yoast_head":"<!-- This site is optimized with the Yoast SEO plugin v25.3.1 - https:\/\/yoast.com\/wordpress\/plugins\/seo\/ -->\n<title>Alting arrenda una oficina a la Fundaci\u00f3 Josep Carreras<\/title>\n<meta name=\"description\" content=\"Alting Grupo Inmobiliario lloga una oficina on se situaran les oficines centrals de la Fundaci\u00f3 Internacional Josep Carreras.\" \/>\n<meta name=\"robots\" content=\"index, follow, max-snippet:-1, max-image-preview:large, max-video-preview:-1\" \/>\n<link rel=\"canonical\" href=\"https:\/\/www.alting.com\/ca\/alting-arrenda-una-oficina-a-la-fundacio-josep-carreras\/\" \/>\n<meta property=\"og:locale\" content=\"ca_ES\" \/>\n<meta property=\"og:type\" content=\"article\" \/>\n<meta property=\"og:title\" content=\"Alting arrenda una oficina a la Fundaci\u00f3 Josep Carreras\" \/>\n<meta property=\"og:description\" content=\"Alting Grupo Inmobiliario lloga una oficina on se situaran les oficines centrals de la Fundaci\u00f3 Internacional Josep Carreras.\" \/>\n<meta property=\"og:url\" content=\"https:\/\/www.alting.com\/ca\/alting-arrenda-una-oficina-a-la-fundacio-josep-carreras\/\" \/>\n<meta property=\"og:site_name\" content=\"Alting Grupo Inmobiliario | Inmobiliaria de lujo en Barcelona\" \/>\n<meta property=\"article:publisher\" content=\"https:\/\/es-es.facebook.com\/grupoinmobiliarioalting\" \/>\n<meta property=\"article:published_time\" content=\"2009-08-01T07:50:45+00:00\" \/>\n<meta property=\"article:modified_time\" content=\"2026-01-28T14:11:53+00:00\" \/>\n<meta property=\"og:image\" content=\"https:\/\/www.alting.com\/wp-content\/uploads\/2024\/07\/fundacion-josep-carreras-blog.jpg\" \/>\n\t<meta property=\"og:image:width\" content=\"800\" \/>\n\t<meta property=\"og:image:height\" content=\"533\" \/>\n\t<meta property=\"og:image:type\" content=\"image\/jpeg\" \/>\n<meta name=\"author\" content=\"ooptimo\" \/>\n<meta name=\"twitter:card\" content=\"summary_large_image\" \/>\n<meta name=\"twitter:label1\" content=\"Escrit per\" \/>\n\t<meta name=\"twitter:data1\" content=\"ooptimo\" \/>\n\t<meta name=\"twitter:label2\" content=\"Temps estimat de lectura\" \/>\n\t<meta name=\"twitter:data2\" content=\"1 minut\" \/>\n<script type=\"application\/ld+json\" class=\"yoast-schema-graph\">{\"@context\":\"https:\/\/schema.org\",\"@graph\":[{\"@type\":\"Article\",\"@id\":\"https:\/\/www.alting.com\/ca\/alting-arrenda-una-oficina-a-la-fundacio-josep-carreras\/#article\",\"isPartOf\":{\"@id\":\"https:\/\/www.alting.com\/ca\/alting-arrenda-una-oficina-a-la-fundacio-josep-carreras\/\"},\"author\":{\"name\":\"ooptimo\",\"@id\":\"https:\/\/www.alting.com\/ca\/#\/schema\/person\/090dfe6638245e42371f8ec3bf54565e\"},\"headline\":\"Alting arrenda una oficina a la Fundaci\u00f3 Josep Carreras per a la ubicaci\u00f3 de la seva seu central a Barcelona\",\"datePublished\":\"2009-08-01T07:50:45+00:00\",\"dateModified\":\"2026-01-28T14:11:53+00:00\",\"mainEntityOfPage\":{\"@id\":\"https:\/\/www.alting.com\/ca\/alting-arrenda-una-oficina-a-la-fundacio-josep-carreras\/\"},\"wordCount\":123,\"publisher\":{\"@id\":\"https:\/\/www.alting.com\/ca\/#organization\"},\"image\":{\"@id\":\"https:\/\/www.alting.com\/ca\/alting-arrenda-una-oficina-a-la-fundacio-josep-carreras\/#primaryimage\"},\"thumbnailUrl\":\"https:\/\/www.alting.com\/wp-content\/uploads\/2024\/07\/fundacion-josep-carreras-blog.jpg\",\"keywords\":[\"Oficines\"],\"articleSection\":[\"Not\u00edcies corporatives\"],\"inLanguage\":\"ca\"},{\"@type\":\"WebPage\",\"@id\":\"https:\/\/www.alting.com\/ca\/alting-arrenda-una-oficina-a-la-fundacio-josep-carreras\/\",\"url\":\"https:\/\/www.alting.com\/ca\/alting-arrenda-una-oficina-a-la-fundacio-josep-carreras\/\",\"name\":\"Alting arrenda una oficina a la Fundaci\u00f3 Josep Carreras\",\"isPartOf\":{\"@id\":\"https:\/\/www.alting.com\/ca\/#website\"},\"primaryImageOfPage\":{\"@id\":\"https:\/\/www.alting.com\/ca\/alting-arrenda-una-oficina-a-la-fundacio-josep-carreras\/#primaryimage\"},\"image\":{\"@id\":\"https:\/\/www.alting.com\/ca\/alting-arrenda-una-oficina-a-la-fundacio-josep-carreras\/#primaryimage\"},\"thumbnailUrl\":\"https:\/\/www.alting.com\/wp-content\/uploads\/2024\/07\/fundacion-josep-carreras-blog.jpg\",\"datePublished\":\"2009-08-01T07:50:45+00:00\",\"dateModified\":\"2026-01-28T14:11:53+00:00\",\"description\":\"Alting Grupo Inmobiliario lloga una oficina on se situaran les oficines centrals de la Fundaci\u00f3 Internacional Josep Carreras.\",\"breadcrumb\":{\"@id\":\"https:\/\/www.alting.com\/ca\/alting-arrenda-una-oficina-a-la-fundacio-josep-carreras\/#breadcrumb\"},\"inLanguage\":\"ca\",\"potentialAction\":[{\"@type\":\"ReadAction\",\"target\":[\"https:\/\/www.alting.com\/ca\/alting-arrenda-una-oficina-a-la-fundacio-josep-carreras\/\"]}]},{\"@type\":\"ImageObject\",\"inLanguage\":\"ca\",\"@id\":\"https:\/\/www.alting.com\/ca\/alting-arrenda-una-oficina-a-la-fundacio-josep-carreras\/#primaryimage\",\"url\":\"https:\/\/www.alting.com\/wp-content\/uploads\/2024\/07\/fundacion-josep-carreras-blog.jpg\",\"contentUrl\":\"https:\/\/www.alting.com\/wp-content\/uploads\/2024\/07\/fundacion-josep-carreras-blog.jpg\",\"width\":800,\"height\":533},{\"@type\":\"BreadcrumbList\",\"@id\":\"https:\/\/www.alting.com\/ca\/alting-arrenda-una-oficina-a-la-fundacio-josep-carreras\/#breadcrumb\",\"itemListElement\":[{\"@type\":\"ListItem\",\"position\":1,\"name\":\"Home\",\"item\":\"https:\/\/www.alting.com\/ca\/\"},{\"@type\":\"ListItem\",\"position\":2,\"name\":\"Alting arrenda una oficina a la Fundaci\u00f3 Josep Carreras per a la ubicaci\u00f3 de la seva seu central a Barcelona\"}]},{\"@type\":\"WebSite\",\"@id\":\"https:\/\/www.alting.com\/ca\/#website\",\"url\":\"https:\/\/www.alting.com\/ca\/\",\"name\":\"Alting Grupo Inmobiliario - Inmobiliaria de lujo en Barcelona\",\"description\":\"Somos un grupo inmobiliario con una consolidada trayectoria en inversi\u00f3n y gesti\u00f3n de activos inmobiliarios prime, project management y agencia inmobiliaria.\",\"publisher\":{\"@id\":\"https:\/\/www.alting.com\/ca\/#organization\"},\"potentialAction\":[{\"@type\":\"SearchAction\",\"target\":{\"@type\":\"EntryPoint\",\"urlTemplate\":\"https:\/\/www.alting.com\/ca\/?s={search_term_string}\"},\"query-input\":{\"@type\":\"PropertyValueSpecification\",\"valueRequired\":true,\"valueName\":\"search_term_string\"}}],\"inLanguage\":\"ca\"},{\"@type\":\"Organization\",\"@id\":\"https:\/\/www.alting.com\/ca\/#organization\",\"name\":\"Alting Grupo Inmobiliario - Inmobiliaria de lujo en Barcelona\",\"url\":\"https:\/\/www.alting.com\/ca\/\",\"logo\":{\"@type\":\"ImageObject\",\"inLanguage\":\"ca\",\"@id\":\"https:\/\/www.alting.com\/ca\/#\/schema\/logo\/image\/\",\"url\":\"https:\/\/www.alting.com\/wp-content\/uploads\/2024\/08\/Alting-logo.png\",\"contentUrl\":\"https:\/\/www.alting.com\/wp-content\/uploads\/2024\/08\/Alting-logo.png\",\"width\":696,\"height\":696,\"caption\":\"Alting Grupo Inmobiliario - Inmobiliaria de lujo en Barcelona\"},\"image\":{\"@id\":\"https:\/\/www.alting.com\/ca\/#\/schema\/logo\/image\/\"},\"sameAs\":[\"https:\/\/es-es.facebook.com\/grupoinmobiliarioalting\",\"https:\/\/www.linkedin.com\/company\/alting-grupo-inmobiliario\/?originalSubdomain=es\",\"https:\/\/www.instagram.com\/altinggrupoinmobiliario\/\",\"https:\/\/www.youtube.com\/channel\/UCv1G_MYN2I9hKp1uwgy5Y6Q\"]},{\"@type\":\"Person\",\"@id\":\"https:\/\/www.alting.com\/ca\/#\/schema\/person\/090dfe6638245e42371f8ec3bf54565e\",\"name\":\"ooptimo\",\"image\":{\"@type\":\"ImageObject\",\"inLanguage\":\"ca\",\"@id\":\"https:\/\/www.alting.com\/ca\/#\/schema\/person\/image\/\",\"url\":\"https:\/\/secure.gravatar.com\/avatar\/9edb1b7bbd9ba511389bd1856aeea098c1ff53d7b48dd496ae7d023548c86178?s=96&d=mm&r=g\",\"contentUrl\":\"https:\/\/secure.gravatar.com\/avatar\/9edb1b7bbd9ba511389bd1856aeea098c1ff53d7b48dd496ae7d023548c86178?s=96&d=mm&r=g\",\"caption\":\"ooptimo\"},\"sameAs\":[\"https:\/\/www.alting.com\"]}]}<\/script>\n<!-- \/ Yoast SEO plugin. -->","yoast_head_json":{"title":"Alting arrenda una oficina a la Fundaci\u00f3 Josep Carreras","description":"Alting Grupo Inmobiliario lloga una oficina on se situaran les oficines centrals de la Fundaci\u00f3 Internacional Josep Carreras.","robots":{"index":"index","follow":"follow","max-snippet":"max-snippet:-1","max-image-preview":"max-image-preview:large","max-video-preview":"max-video-preview:-1"},"canonical":"https:\/\/www.alting.com\/ca\/alting-arrenda-una-oficina-a-la-fundacio-josep-carreras\/","og_locale":"ca_ES","og_type":"article","og_title":"Alting arrenda una oficina a la Fundaci\u00f3 Josep Carreras","og_description":"Alting Grupo Inmobiliario lloga una oficina on se situaran les oficines centrals de la Fundaci\u00f3 Internacional Josep Carreras.","og_url":"https:\/\/www.alting.com\/ca\/alting-arrenda-una-oficina-a-la-fundacio-josep-carreras\/","og_site_name":"Alting Grupo Inmobiliario | Inmobiliaria de lujo en Barcelona","article_publisher":"https:\/\/es-es.facebook.com\/grupoinmobiliarioalting","article_published_time":"2009-08-01T07:50:45+00:00","article_modified_time":"2026-01-28T14:11:53+00:00","og_image":[{"width":800,"height":533,"url":"https:\/\/www.alting.com\/wp-content\/uploads\/2024\/07\/fundacion-josep-carreras-blog.jpg","type":"image\/jpeg"}],"author":"ooptimo","twitter_card":"summary_large_image","twitter_misc":{"Escrit per":"ooptimo","Temps estimat de lectura":"1 minut"},"schema":{"@context":"https:\/\/schema.org","@graph":[{"@type":"Article","@id":"https:\/\/www.alting.com\/ca\/alting-arrenda-una-oficina-a-la-fundacio-josep-carreras\/#article","isPartOf":{"@id":"https:\/\/www.alting.com\/ca\/alting-arrenda-una-oficina-a-la-fundacio-josep-carreras\/"},"author":{"name":"ooptimo","@id":"https:\/\/www.alting.com\/ca\/#\/schema\/person\/090dfe6638245e42371f8ec3bf54565e"},"headline":"Alting arrenda una oficina a la Fundaci\u00f3 Josep Carreras per a la ubicaci\u00f3 de la seva seu central a Barcelona","datePublished":"2009-08-01T07:50:45+00:00","dateModified":"2026-01-28T14:11:53+00:00","mainEntityOfPage":{"@id":"https:\/\/www.alting.com\/ca\/alting-arrenda-una-oficina-a-la-fundacio-josep-carreras\/"},"wordCount":123,"publisher":{"@id":"https:\/\/www.alting.com\/ca\/#organization"},"image":{"@id":"https:\/\/www.alting.com\/ca\/alting-arrenda-una-oficina-a-la-fundacio-josep-carreras\/#primaryimage"},"thumbnailUrl":"https:\/\/www.alting.com\/wp-content\/uploads\/2024\/07\/fundacion-josep-carreras-blog.jpg","keywords":["Oficines"],"articleSection":["Not\u00edcies corporatives"],"inLanguage":"ca"},{"@type":"WebPage","@id":"https:\/\/www.alting.com\/ca\/alting-arrenda-una-oficina-a-la-fundacio-josep-carreras\/","url":"https:\/\/www.alting.com\/ca\/alting-arrenda-una-oficina-a-la-fundacio-josep-carreras\/","name":"Alting arrenda una oficina a la Fundaci\u00f3 Josep Carreras","isPartOf":{"@id":"https:\/\/www.alting.com\/ca\/#website"},"primaryImageOfPage":{"@id":"https:\/\/www.alting.com\/ca\/alting-arrenda-una-oficina-a-la-fundacio-josep-carreras\/#primaryimage"},"image":{"@id":"https:\/\/www.alting.com\/ca\/alting-arrenda-una-oficina-a-la-fundacio-josep-carreras\/#primaryimage"},"thumbnailUrl":"https:\/\/www.alting.com\/wp-content\/uploads\/2024\/07\/fundacion-josep-carreras-blog.jpg","datePublished":"2009-08-01T07:50:45+00:00","dateModified":"2026-01-28T14:11:53+00:00","description":"Alting Grupo Inmobiliario lloga una oficina on se situaran les oficines centrals de la Fundaci\u00f3 Internacional Josep Carreras.","breadcrumb":{"@id":"https:\/\/www.alting.com\/ca\/alting-arrenda-una-oficina-a-la-fundacio-josep-carreras\/#breadcrumb"},"inLanguage":"ca","potentialAction":[{"@type":"ReadAction","target":["https:\/\/www.alting.com\/ca\/alting-arrenda-una-oficina-a-la-fundacio-josep-carreras\/"]}]},{"@type":"ImageObject","inLanguage":"ca","@id":"https:\/\/www.alting.com\/ca\/alting-arrenda-una-oficina-a-la-fundacio-josep-carreras\/#primaryimage","url":"https:\/\/www.alting.com\/wp-content\/uploads\/2024\/07\/fundacion-josep-carreras-blog.jpg","contentUrl":"https:\/\/www.alting.com\/wp-content\/uploads\/2024\/07\/fundacion-josep-carreras-blog.jpg","width":800,"height":533},{"@type":"BreadcrumbList","@id":"https:\/\/www.alting.com\/ca\/alting-arrenda-una-oficina-a-la-fundacio-josep-carreras\/#breadcrumb","itemListElement":[{"@type":"ListItem","position":1,"name":"Home","item":"https:\/\/www.alting.com\/ca\/"},{"@type":"ListItem","position":2,"name":"Alting arrenda una oficina a la Fundaci\u00f3 Josep Carreras per a la ubicaci\u00f3 de la seva seu central a Barcelona"}]},{"@type":"WebSite","@id":"https:\/\/www.alting.com\/ca\/#website","url":"https:\/\/www.alting.com\/ca\/","name":"Alting Grupo Inmobiliario - Inmobiliaria de lujo en Barcelona","description":"Somos un grupo inmobiliario con una consolidada trayectoria en inversi\u00f3n y gesti\u00f3n de activos inmobiliarios prime, project management y agencia inmobiliaria.","publisher":{"@id":"https:\/\/www.alting.com\/ca\/#organization"},"potentialAction":[{"@type":"SearchAction","target":{"@type":"EntryPoint","urlTemplate":"https:\/\/www.alting.com\/ca\/?s={search_term_string}"},"query-input":{"@type":"PropertyValueSpecification","valueRequired":true,"valueName":"search_term_string"}}],"inLanguage":"ca"},{"@type":"Organization","@id":"https:\/\/www.alting.com\/ca\/#organization","name":"Alting Grupo Inmobiliario - Inmobiliaria de lujo en Barcelona","url":"https:\/\/www.alting.com\/ca\/","logo":{"@type":"ImageObject","inLanguage":"ca","@id":"https:\/\/www.alting.com\/ca\/#\/schema\/logo\/image\/","url":"https:\/\/www.alting.com\/wp-content\/uploads\/2024\/08\/Alting-logo.png","contentUrl":"https:\/\/www.alting.com\/wp-content\/uploads\/2024\/08\/Alting-logo.png","width":696,"height":696,"caption":"Alting Grupo Inmobiliario - Inmobiliaria de lujo en Barcelona"},"image":{"@id":"https:\/\/www.alting.com\/ca\/#\/schema\/logo\/image\/"},"sameAs":["https:\/\/es-es.facebook.com\/grupoinmobiliarioalting","https:\/\/www.linkedin.com\/company\/alting-grupo-inmobiliario\/?originalSubdomain=es","https:\/\/www.instagram.com\/altinggrupoinmobiliario\/","https:\/\/www.youtube.com\/channel\/UCv1G_MYN2I9hKp1uwgy5Y6Q"]},{"@type":"Person","@id":"https:\/\/www.alting.com\/ca\/#\/schema\/person\/090dfe6638245e42371f8ec3bf54565e","name":"ooptimo","image":{"@type":"ImageObject","inLanguage":"ca","@id":"https:\/\/www.alting.com\/ca\/#\/schema\/person\/image\/","url":"https:\/\/secure.gravatar.com\/avatar\/9edb1b7bbd9ba511389bd1856aeea098c1ff53d7b48dd496ae7d023548c86178?s=96&d=mm&r=g","contentUrl":"https:\/\/secure.gravatar.com\/avatar\/9edb1b7bbd9ba511389bd1856aeea098c1ff53d7b48dd496ae7d023548c86178?s=96&d=mm&r=g","caption":"ooptimo"},"sameAs":["https:\/\/www.alting.com"]}]}},"_links":{"self":[{"href":"https:\/\/www.alting.com\/ca\/wp-json\/wp\/v2\/posts\/2864","targetHints":{"allow":["GET"]}}],"collection":[{"href":"https:\/\/www.alting.com\/ca\/wp-json\/wp\/v2\/posts"}],"about":[{"href":"https:\/\/www.alting.com\/ca\/wp-json\/wp\/v2\/types\/post"}],"author":[{"embeddable":true,"href":"https:\/\/www.alting.com\/ca\/wp-json\/wp\/v2\/users\/1"}],"replies":[{"embeddable":true,"href":"https:\/\/www.alting.com\/ca\/wp-json\/wp\/v2\/comments?post=2864"}],"version-history":[{"count":2,"href":"https:\/\/www.alting.com\/ca\/wp-json\/wp\/v2\/posts\/2864\/revisions"}],"predecessor-version":[{"id":13575,"href":"https:\/\/www.alting.com\/ca\/wp-json\/wp\/v2\/posts\/2864\/revisions\/13575"}],"wp:featuredmedia":[{"embeddable":true,"href":"https:\/\/www.alting.com\/ca\/wp-json\/wp\/v2\/media\/1550"}],"wp:attachment":[{"href":"https:\/\/www.alting.com\/ca\/wp-json\/wp\/v2\/media?parent=2864"}],"wp:term":[{"taxonomy":"category","embeddable":true,"href":"https:\/\/www.alting.com\/ca\/wp-json\/wp\/v2\/categories?post=2864"},{"taxonomy":"post_tag","embeddable":true,"href":"https:\/\/www.alting.com\/ca\/wp-json\/wp\/v2\/tags?post=2864"}],"curies":[{"name":"wp","href":"https:\/\/api.w.org\/{rel}","templated":true}]}}