{"id":2740,"date":"2012-03-12T09:00:04","date_gmt":"2012-03-12T08:00:04","guid":{"rendered":"https:\/\/www.alting.com\/alting-consultoria-lloguer-local-privalia\/"},"modified":"2026-01-28T14:51:02","modified_gmt":"2026-01-28T13:51:02","slug":"alting-consultoria-lloguer-local-privalia","status":"publish","type":"post","link":"https:\/\/www.alting.com\/ca\/alting-consultoria-lloguer-local-privalia\/","title":{"rendered":"Alting lloga a Privalia un local a Arag\u00f3 amb Passeig Gr\u00e0cia"},"content":{"rendered":"<p>Barcelona, 12 de mar\u00e7 del 2012.- <strong>Alting<\/strong> ha tancat amb <strong>PRIVALIA<\/strong>, Club Privat capdavanter en la venda online, el <strong>lloguer temporal del local comercial<\/strong> <a href=\"https:\/\/www.alting.com\/ca\/inversions\/\">propietat del Grup Immobiliari<\/a> ubicat al carrer <strong>Arag\u00f3, 271 al costat del Passeig de Gr\u00e0cia<\/strong>.<\/p>\n<p>Durant 2 setmanes, del 9 al 20 de mar\u00e7 obriran les seves portes en el local en horari de 10 a 21h. Durant aquest per\u00edode PRIVALIA ofereix un nou concepte de compra, a m\u00e9s de descomptes en primeres marques, animaci\u00f3 amb m\u00fasica DJ en directe, personal shoppers i diferents ambients. \u00c9s la primera <strong>Pop Up Store<\/strong> que fa PRIVALIA amb objectiu d&#8217;ampliar la seva cartera de socis.<\/p>\n<p>Per a m\u00e9s informaci\u00f3 contactar amb <a href=\"mailto:comunicacion@alting.com\">comunicacion@alting.com<\/a>.<\/p>\n","protected":false},"excerpt":{"rendered":"<p>Barcelona, 12 de mar\u00e7 del 2012.- Alting ha tancat amb PRIVALIA, Club Privat capdavanter en la venda online, el lloguer [&hellip;]<\/p>\n","protected":false},"author":1,"featured_media":870,"comment_status":"closed","ping_status":"closed","sticky":false,"template":"","format":"standard","meta":{"_acf_changed":false,"inline_featured_image":false,"footnotes":""},"categories":[308,300],"tags":[374],"class_list":["post-2740","post","type-post","status-publish","format-standard","has-post-thumbnail","hentry","category-arago-271-ca","category-noticies-corporatives-ca","tag-retail-ca"],"acf":[],"yoast_head":"<!-- This site is optimized with the Yoast SEO plugin v25.3.1 - https:\/\/yoast.com\/wordpress\/plugins\/seo\/ -->\n<title>Alting lloga a Privalia un local comercial a Arag\u00f3 271<\/title>\n<meta name=\"description\" content=\"Alting Consultoria lloga local Privalia. Nova pop up store a Barcelona en el local comercial llogat per l&#039;\u00e0rea comercial d&#039;Alting.\" \/>\n<meta name=\"robots\" content=\"index, follow, max-snippet:-1, max-image-preview:large, max-video-preview:-1\" \/>\n<link rel=\"canonical\" href=\"https:\/\/www.alting.com\/ca\/alting-consultoria-lloguer-local-privalia\/\" \/>\n<meta property=\"og:locale\" content=\"ca_ES\" \/>\n<meta property=\"og:type\" content=\"article\" \/>\n<meta property=\"og:title\" content=\"Alting lloga a Privalia un local comercial a Arag\u00f3 271\" \/>\n<meta property=\"og:description\" content=\"Alting Consultoria lloga local Privalia. Nova pop up store a Barcelona en el local comercial llogat per l&#039;\u00e0rea comercial d&#039;Alting.\" \/>\n<meta property=\"og:url\" content=\"https:\/\/www.alting.com\/ca\/alting-consultoria-lloguer-local-privalia\/\" \/>\n<meta property=\"og:site_name\" content=\"Alting Grupo Inmobiliario | Inmobiliaria de lujo en Barcelona\" \/>\n<meta property=\"article:publisher\" content=\"https:\/\/es-es.facebook.com\/grupoinmobiliarioalting\" \/>\n<meta property=\"article:published_time\" content=\"2012-03-12T08:00:04+00:00\" \/>\n<meta property=\"article:modified_time\" content=\"2026-01-28T13:51:02+00:00\" \/>\n<meta property=\"og:image\" content=\"https:\/\/www.alting.com\/wp-content\/uploads\/2024\/07\/Arago-271-local-Alting-privalia.jpg\" \/>\n\t<meta property=\"og:image:width\" content=\"800\" \/>\n\t<meta property=\"og:image:height\" content=\"533\" \/>\n\t<meta property=\"og:image:type\" content=\"image\/jpeg\" \/>\n<meta name=\"author\" content=\"ooptimo\" \/>\n<meta name=\"twitter:card\" content=\"summary_large_image\" \/>\n<meta name=\"twitter:label1\" content=\"Escrit per\" \/>\n\t<meta name=\"twitter:data1\" content=\"ooptimo\" \/>\n\t<meta name=\"twitter:label2\" content=\"Temps estimat de lectura\" \/>\n\t<meta name=\"twitter:data2\" content=\"1 minut\" \/>\n<script type=\"application\/ld+json\" class=\"yoast-schema-graph\">{\"@context\":\"https:\/\/schema.org\",\"@graph\":[{\"@type\":\"Article\",\"@id\":\"https:\/\/www.alting.com\/ca\/alting-consultoria-lloguer-local-privalia\/#article\",\"isPartOf\":{\"@id\":\"https:\/\/www.alting.com\/ca\/alting-consultoria-lloguer-local-privalia\/\"},\"author\":{\"name\":\"ooptimo\",\"@id\":\"https:\/\/www.alting.com\/ca\/#\/schema\/person\/090dfe6638245e42371f8ec3bf54565e\"},\"headline\":\"Alting lloga a Privalia un local a Arag\u00f3 amb Passeig Gr\u00e0cia\",\"datePublished\":\"2012-03-12T08:00:04+00:00\",\"dateModified\":\"2026-01-28T13:51:02+00:00\",\"mainEntityOfPage\":{\"@id\":\"https:\/\/www.alting.com\/ca\/alting-consultoria-lloguer-local-privalia\/\"},\"wordCount\":127,\"publisher\":{\"@id\":\"https:\/\/www.alting.com\/ca\/#organization\"},\"image\":{\"@id\":\"https:\/\/www.alting.com\/ca\/alting-consultoria-lloguer-local-privalia\/#primaryimage\"},\"thumbnailUrl\":\"https:\/\/www.alting.com\/wp-content\/uploads\/2024\/07\/Arago-271-local-Alting-privalia.jpg\",\"keywords\":[\"Retail\"],\"articleSection\":[\"Arag\u00f3 271\",\"Not\u00edcies corporatives\"],\"inLanguage\":\"ca\"},{\"@type\":\"WebPage\",\"@id\":\"https:\/\/www.alting.com\/ca\/alting-consultoria-lloguer-local-privalia\/\",\"url\":\"https:\/\/www.alting.com\/ca\/alting-consultoria-lloguer-local-privalia\/\",\"name\":\"Alting lloga a Privalia un local comercial a Arag\u00f3 271\",\"isPartOf\":{\"@id\":\"https:\/\/www.alting.com\/ca\/#website\"},\"primaryImageOfPage\":{\"@id\":\"https:\/\/www.alting.com\/ca\/alting-consultoria-lloguer-local-privalia\/#primaryimage\"},\"image\":{\"@id\":\"https:\/\/www.alting.com\/ca\/alting-consultoria-lloguer-local-privalia\/#primaryimage\"},\"thumbnailUrl\":\"https:\/\/www.alting.com\/wp-content\/uploads\/2024\/07\/Arago-271-local-Alting-privalia.jpg\",\"datePublished\":\"2012-03-12T08:00:04+00:00\",\"dateModified\":\"2026-01-28T13:51:02+00:00\",\"description\":\"Alting Consultoria lloga local Privalia. Nova pop up store a Barcelona en el local comercial llogat per l'\u00e0rea comercial d'Alting.\",\"breadcrumb\":{\"@id\":\"https:\/\/www.alting.com\/ca\/alting-consultoria-lloguer-local-privalia\/#breadcrumb\"},\"inLanguage\":\"ca\",\"potentialAction\":[{\"@type\":\"ReadAction\",\"target\":[\"https:\/\/www.alting.com\/ca\/alting-consultoria-lloguer-local-privalia\/\"]}]},{\"@type\":\"ImageObject\",\"inLanguage\":\"ca\",\"@id\":\"https:\/\/www.alting.com\/ca\/alting-consultoria-lloguer-local-privalia\/#primaryimage\",\"url\":\"https:\/\/www.alting.com\/wp-content\/uploads\/2024\/07\/Arago-271-local-Alting-privalia.jpg\",\"contentUrl\":\"https:\/\/www.alting.com\/wp-content\/uploads\/2024\/07\/Arago-271-local-Alting-privalia.jpg\",\"width\":800,\"height\":533},{\"@type\":\"BreadcrumbList\",\"@id\":\"https:\/\/www.alting.com\/ca\/alting-consultoria-lloguer-local-privalia\/#breadcrumb\",\"itemListElement\":[{\"@type\":\"ListItem\",\"position\":1,\"name\":\"Home\",\"item\":\"https:\/\/www.alting.com\/ca\/\"},{\"@type\":\"ListItem\",\"position\":2,\"name\":\"Alting lloga a Privalia un local a Arag\u00f3 amb Passeig Gr\u00e0cia\"}]},{\"@type\":\"WebSite\",\"@id\":\"https:\/\/www.alting.com\/ca\/#website\",\"url\":\"https:\/\/www.alting.com\/ca\/\",\"name\":\"Alting Grupo Inmobiliario - Inmobiliaria de lujo en Barcelona\",\"description\":\"Somos un grupo inmobiliario con una consolidada trayectoria en inversi\u00f3n y gesti\u00f3n de activos inmobiliarios prime, project management y agencia inmobiliaria.\",\"publisher\":{\"@id\":\"https:\/\/www.alting.com\/ca\/#organization\"},\"potentialAction\":[{\"@type\":\"SearchAction\",\"target\":{\"@type\":\"EntryPoint\",\"urlTemplate\":\"https:\/\/www.alting.com\/ca\/?s={search_term_string}\"},\"query-input\":{\"@type\":\"PropertyValueSpecification\",\"valueRequired\":true,\"valueName\":\"search_term_string\"}}],\"inLanguage\":\"ca\"},{\"@type\":\"Organization\",\"@id\":\"https:\/\/www.alting.com\/ca\/#organization\",\"name\":\"Alting Grupo Inmobiliario - Inmobiliaria de lujo en Barcelona\",\"url\":\"https:\/\/www.alting.com\/ca\/\",\"logo\":{\"@type\":\"ImageObject\",\"inLanguage\":\"ca\",\"@id\":\"https:\/\/www.alting.com\/ca\/#\/schema\/logo\/image\/\",\"url\":\"https:\/\/www.alting.com\/wp-content\/uploads\/2024\/08\/Alting-logo.png\",\"contentUrl\":\"https:\/\/www.alting.com\/wp-content\/uploads\/2024\/08\/Alting-logo.png\",\"width\":696,\"height\":696,\"caption\":\"Alting Grupo Inmobiliario - Inmobiliaria de lujo en Barcelona\"},\"image\":{\"@id\":\"https:\/\/www.alting.com\/ca\/#\/schema\/logo\/image\/\"},\"sameAs\":[\"https:\/\/es-es.facebook.com\/grupoinmobiliarioalting\",\"https:\/\/www.linkedin.com\/company\/alting-grupo-inmobiliario\/?originalSubdomain=es\",\"https:\/\/www.instagram.com\/altinggrupoinmobiliario\/\",\"https:\/\/www.youtube.com\/channel\/UCv1G_MYN2I9hKp1uwgy5Y6Q\"]},{\"@type\":\"Person\",\"@id\":\"https:\/\/www.alting.com\/ca\/#\/schema\/person\/090dfe6638245e42371f8ec3bf54565e\",\"name\":\"ooptimo\",\"image\":{\"@type\":\"ImageObject\",\"inLanguage\":\"ca\",\"@id\":\"https:\/\/www.alting.com\/ca\/#\/schema\/person\/image\/\",\"url\":\"https:\/\/secure.gravatar.com\/avatar\/9edb1b7bbd9ba511389bd1856aeea098c1ff53d7b48dd496ae7d023548c86178?s=96&d=mm&r=g\",\"contentUrl\":\"https:\/\/secure.gravatar.com\/avatar\/9edb1b7bbd9ba511389bd1856aeea098c1ff53d7b48dd496ae7d023548c86178?s=96&d=mm&r=g\",\"caption\":\"ooptimo\"},\"sameAs\":[\"https:\/\/www.alting.com\"]}]}<\/script>\n<!-- \/ Yoast SEO plugin. -->","yoast_head_json":{"title":"Alting lloga a Privalia un local comercial a Arag\u00f3 271","description":"Alting Consultoria lloga local Privalia. Nova pop up store a Barcelona en el local comercial llogat per l'\u00e0rea comercial d'Alting.","robots":{"index":"index","follow":"follow","max-snippet":"max-snippet:-1","max-image-preview":"max-image-preview:large","max-video-preview":"max-video-preview:-1"},"canonical":"https:\/\/www.alting.com\/ca\/alting-consultoria-lloguer-local-privalia\/","og_locale":"ca_ES","og_type":"article","og_title":"Alting lloga a Privalia un local comercial a Arag\u00f3 271","og_description":"Alting Consultoria lloga local Privalia. Nova pop up store a Barcelona en el local comercial llogat per l'\u00e0rea comercial d'Alting.","og_url":"https:\/\/www.alting.com\/ca\/alting-consultoria-lloguer-local-privalia\/","og_site_name":"Alting Grupo Inmobiliario | Inmobiliaria de lujo en Barcelona","article_publisher":"https:\/\/es-es.facebook.com\/grupoinmobiliarioalting","article_published_time":"2012-03-12T08:00:04+00:00","article_modified_time":"2026-01-28T13:51:02+00:00","og_image":[{"width":800,"height":533,"url":"https:\/\/www.alting.com\/wp-content\/uploads\/2024\/07\/Arago-271-local-Alting-privalia.jpg","type":"image\/jpeg"}],"author":"ooptimo","twitter_card":"summary_large_image","twitter_misc":{"Escrit per":"ooptimo","Temps estimat de lectura":"1 minut"},"schema":{"@context":"https:\/\/schema.org","@graph":[{"@type":"Article","@id":"https:\/\/www.alting.com\/ca\/alting-consultoria-lloguer-local-privalia\/#article","isPartOf":{"@id":"https:\/\/www.alting.com\/ca\/alting-consultoria-lloguer-local-privalia\/"},"author":{"name":"ooptimo","@id":"https:\/\/www.alting.com\/ca\/#\/schema\/person\/090dfe6638245e42371f8ec3bf54565e"},"headline":"Alting lloga a Privalia un local a Arag\u00f3 amb Passeig Gr\u00e0cia","datePublished":"2012-03-12T08:00:04+00:00","dateModified":"2026-01-28T13:51:02+00:00","mainEntityOfPage":{"@id":"https:\/\/www.alting.com\/ca\/alting-consultoria-lloguer-local-privalia\/"},"wordCount":127,"publisher":{"@id":"https:\/\/www.alting.com\/ca\/#organization"},"image":{"@id":"https:\/\/www.alting.com\/ca\/alting-consultoria-lloguer-local-privalia\/#primaryimage"},"thumbnailUrl":"https:\/\/www.alting.com\/wp-content\/uploads\/2024\/07\/Arago-271-local-Alting-privalia.jpg","keywords":["Retail"],"articleSection":["Arag\u00f3 271","Not\u00edcies corporatives"],"inLanguage":"ca"},{"@type":"WebPage","@id":"https:\/\/www.alting.com\/ca\/alting-consultoria-lloguer-local-privalia\/","url":"https:\/\/www.alting.com\/ca\/alting-consultoria-lloguer-local-privalia\/","name":"Alting lloga a Privalia un local comercial a Arag\u00f3 271","isPartOf":{"@id":"https:\/\/www.alting.com\/ca\/#website"},"primaryImageOfPage":{"@id":"https:\/\/www.alting.com\/ca\/alting-consultoria-lloguer-local-privalia\/#primaryimage"},"image":{"@id":"https:\/\/www.alting.com\/ca\/alting-consultoria-lloguer-local-privalia\/#primaryimage"},"thumbnailUrl":"https:\/\/www.alting.com\/wp-content\/uploads\/2024\/07\/Arago-271-local-Alting-privalia.jpg","datePublished":"2012-03-12T08:00:04+00:00","dateModified":"2026-01-28T13:51:02+00:00","description":"Alting Consultoria lloga local Privalia. Nova pop up store a Barcelona en el local comercial llogat per l'\u00e0rea comercial d'Alting.","breadcrumb":{"@id":"https:\/\/www.alting.com\/ca\/alting-consultoria-lloguer-local-privalia\/#breadcrumb"},"inLanguage":"ca","potentialAction":[{"@type":"ReadAction","target":["https:\/\/www.alting.com\/ca\/alting-consultoria-lloguer-local-privalia\/"]}]},{"@type":"ImageObject","inLanguage":"ca","@id":"https:\/\/www.alting.com\/ca\/alting-consultoria-lloguer-local-privalia\/#primaryimage","url":"https:\/\/www.alting.com\/wp-content\/uploads\/2024\/07\/Arago-271-local-Alting-privalia.jpg","contentUrl":"https:\/\/www.alting.com\/wp-content\/uploads\/2024\/07\/Arago-271-local-Alting-privalia.jpg","width":800,"height":533},{"@type":"BreadcrumbList","@id":"https:\/\/www.alting.com\/ca\/alting-consultoria-lloguer-local-privalia\/#breadcrumb","itemListElement":[{"@type":"ListItem","position":1,"name":"Home","item":"https:\/\/www.alting.com\/ca\/"},{"@type":"ListItem","position":2,"name":"Alting lloga a Privalia un local a Arag\u00f3 amb Passeig Gr\u00e0cia"}]},{"@type":"WebSite","@id":"https:\/\/www.alting.com\/ca\/#website","url":"https:\/\/www.alting.com\/ca\/","name":"Alting Grupo Inmobiliario - Inmobiliaria de lujo en Barcelona","description":"Somos un grupo inmobiliario con una consolidada trayectoria en inversi\u00f3n y gesti\u00f3n de activos inmobiliarios prime, project management y agencia inmobiliaria.","publisher":{"@id":"https:\/\/www.alting.com\/ca\/#organization"},"potentialAction":[{"@type":"SearchAction","target":{"@type":"EntryPoint","urlTemplate":"https:\/\/www.alting.com\/ca\/?s={search_term_string}"},"query-input":{"@type":"PropertyValueSpecification","valueRequired":true,"valueName":"search_term_string"}}],"inLanguage":"ca"},{"@type":"Organization","@id":"https:\/\/www.alting.com\/ca\/#organization","name":"Alting Grupo Inmobiliario - Inmobiliaria de lujo en Barcelona","url":"https:\/\/www.alting.com\/ca\/","logo":{"@type":"ImageObject","inLanguage":"ca","@id":"https:\/\/www.alting.com\/ca\/#\/schema\/logo\/image\/","url":"https:\/\/www.alting.com\/wp-content\/uploads\/2024\/08\/Alting-logo.png","contentUrl":"https:\/\/www.alting.com\/wp-content\/uploads\/2024\/08\/Alting-logo.png","width":696,"height":696,"caption":"Alting Grupo Inmobiliario - Inmobiliaria de lujo en Barcelona"},"image":{"@id":"https:\/\/www.alting.com\/ca\/#\/schema\/logo\/image\/"},"sameAs":["https:\/\/es-es.facebook.com\/grupoinmobiliarioalting","https:\/\/www.linkedin.com\/company\/alting-grupo-inmobiliario\/?originalSubdomain=es","https:\/\/www.instagram.com\/altinggrupoinmobiliario\/","https:\/\/www.youtube.com\/channel\/UCv1G_MYN2I9hKp1uwgy5Y6Q"]},{"@type":"Person","@id":"https:\/\/www.alting.com\/ca\/#\/schema\/person\/090dfe6638245e42371f8ec3bf54565e","name":"ooptimo","image":{"@type":"ImageObject","inLanguage":"ca","@id":"https:\/\/www.alting.com\/ca\/#\/schema\/person\/image\/","url":"https:\/\/secure.gravatar.com\/avatar\/9edb1b7bbd9ba511389bd1856aeea098c1ff53d7b48dd496ae7d023548c86178?s=96&d=mm&r=g","contentUrl":"https:\/\/secure.gravatar.com\/avatar\/9edb1b7bbd9ba511389bd1856aeea098c1ff53d7b48dd496ae7d023548c86178?s=96&d=mm&r=g","caption":"ooptimo"},"sameAs":["https:\/\/www.alting.com"]}]}},"_links":{"self":[{"href":"https:\/\/www.alting.com\/ca\/wp-json\/wp\/v2\/posts\/2740","targetHints":{"allow":["GET"]}}],"collection":[{"href":"https:\/\/www.alting.com\/ca\/wp-json\/wp\/v2\/posts"}],"about":[{"href":"https:\/\/www.alting.com\/ca\/wp-json\/wp\/v2\/types\/post"}],"author":[{"embeddable":true,"href":"https:\/\/www.alting.com\/ca\/wp-json\/wp\/v2\/users\/1"}],"replies":[{"embeddable":true,"href":"https:\/\/www.alting.com\/ca\/wp-json\/wp\/v2\/comments?post=2740"}],"version-history":[{"count":2,"href":"https:\/\/www.alting.com\/ca\/wp-json\/wp\/v2\/posts\/2740\/revisions"}],"predecessor-version":[{"id":13507,"href":"https:\/\/www.alting.com\/ca\/wp-json\/wp\/v2\/posts\/2740\/revisions\/13507"}],"wp:featuredmedia":[{"embeddable":true,"href":"https:\/\/www.alting.com\/ca\/wp-json\/wp\/v2\/media\/870"}],"wp:attachment":[{"href":"https:\/\/www.alting.com\/ca\/wp-json\/wp\/v2\/media?parent=2740"}],"wp:term":[{"taxonomy":"category","embeddable":true,"href":"https:\/\/www.alting.com\/ca\/wp-json\/wp\/v2\/categories?post=2740"},{"taxonomy":"post_tag","embeddable":true,"href":"https:\/\/www.alting.com\/ca\/wp-json\/wp\/v2\/tags?post=2740"}],"curies":[{"name":"wp","href":"https:\/\/api.w.org\/{rel}","templated":true}]}}